{"id":1118,"date":"2025-05-06T19:22:00","date_gmt":"2025-05-06T23:22:00","guid":{"rendered":"https:\/\/afiko.cl\/?p=1118"},"modified":"2025-05-09T07:05:19","modified_gmt":"2025-05-09T11:05:19","slug":"pebre-por-alicia-rodriguez-s","status":"publish","type":"post","link":"https:\/\/afiko.cl\/?p=1118","title":{"rendered":"Pebre \u2013 Por Alicia Rodr\u00edguez S"},"content":{"rendered":"\t\t<div data-elementor-type=\"wp-post\" data-elementor-id=\"1118\" class=\"elementor elementor-1118\" data-elementor-post-type=\"post\">\n\t\t\t\t\t\t<section class=\"elementor-section elementor-top-section elementor-element elementor-element-c712c2f elementor-section-boxed elementor-section-height-default elementor-section-height-default\" data-id=\"c712c2f\" data-element_type=\"section\" data-e-type=\"section\">\n\t\t\t\t\t\t<div class=\"elementor-container elementor-column-gap-default\">\n\t\t\t\t\t<div class=\"elementor-column elementor-col-100 elementor-top-column elementor-element elementor-element-d7de6ad\" data-id=\"d7de6ad\" data-element_type=\"column\" data-e-type=\"column\">\n\t\t\t<div class=\"elementor-widget-wrap elementor-element-populated\">\n\t\t\t\t\t\t<div class=\"elementor-element elementor-element-72ca788 elementor-widget elementor-widget-text-editor\" data-id=\"72ca788\" data-element_type=\"widget\" data-e-type=\"widget\" data-widget_type=\"text-editor.default\">\n\t\t\t\t<div class=\"elementor-widget-container\">\n\t\t\t\t\t\t\t\t\t<p class=\"p1\">Solo tienes que cortar 2 tomates y 1\/2 cebolla en cuadraditos peque\u00f1os, agregar 2 dientes de ajos molidos, 10g lenguas de erizo Afiko, 1\/2 jugo de lim\u00f3n, una cucharada de vinagre para dejarlo reposar 30 minutos en el refrigerador.<\/p>\n<p class=\"p1\">Por \u00faltimo, condimentas con sal y pimienta, agregas aceite y cilantro.<\/p>\n<p class=\"p2\"><span class=\"s1\">Acompa\u00f1ada de doradas y crujientes sopaipillas uniendo sabores y combinaci\u00f3n perfecta que calienta el coraz\u00f3n en estos d\u00edas helados<\/span><\/p>\t\t\t\t\t\t\t\t<\/div>\n\t\t\t\t<\/div>\n\t\t\t\t\t<\/div>\n\t\t<\/div>\n\t\t\t\t\t<\/div>\n\t\t<\/section>\n\t\t\t\t<\/div>\n\t\t","protected":false},"excerpt":{"rendered":"<p>Temporada de fr\u00edo y que mejor que tener tardes acompa\u00f1adas con esta receta conocida por muchos llev\u00e1ndola a otro nivel.<\/p>\n","protected":false},"author":1,"featured_media":1171,"comment_status":"open","ping_status":"open","sticky":false,"template":"","format":"standard","meta":{"_joinchat":[],"footnotes":""},"categories":[38],"tags":[],"class_list":["post-1118","post","type-post","status-publish","format-standard","has-post-thumbnail","hentry","category-comida-tipica"],"blocksy_meta":[],"_links":{"self":[{"href":"https:\/\/afiko.cl\/index.php?rest_route=\/wp\/v2\/posts\/1118","targetHints":{"allow":["GET"]}}],"collection":[{"href":"https:\/\/afiko.cl\/index.php?rest_route=\/wp\/v2\/posts"}],"about":[{"href":"https:\/\/afiko.cl\/index.php?rest_route=\/wp\/v2\/types\/post"}],"author":[{"embeddable":true,"href":"https:\/\/afiko.cl\/index.php?rest_route=\/wp\/v2\/users\/1"}],"replies":[{"embeddable":true,"href":"https:\/\/afiko.cl\/index.php?rest_route=%2Fwp%2Fv2%2Fcomments&post=1118"}],"version-history":[{"count":4,"href":"https:\/\/afiko.cl\/index.php?rest_route=\/wp\/v2\/posts\/1118\/revisions"}],"predecessor-version":[{"id":1123,"href":"https:\/\/afiko.cl\/index.php?rest_route=\/wp\/v2\/posts\/1118\/revisions\/1123"}],"wp:featuredmedia":[{"embeddable":true,"href":"https:\/\/afiko.cl\/index.php?rest_route=\/wp\/v2\/media\/1171"}],"wp:attachment":[{"href":"https:\/\/afiko.cl\/index.php?rest_route=%2Fwp%2Fv2%2Fmedia&parent=1118"}],"wp:term":[{"taxonomy":"category","embeddable":true,"href":"https:\/\/afiko.cl\/index.php?rest_route=%2Fwp%2Fv2%2Fcategories&post=1118"},{"taxonomy":"post_tag","embeddable":true,"href":"https:\/\/afiko.cl\/index.php?rest_route=%2Fwp%2Fv2%2Ftags&post=1118"}],"curies":[{"name":"wp","href":"https:\/\/api.w.org\/{rel}","templated":true}]}}