{"id":1132,"date":"2025-05-06T16:37:00","date_gmt":"2025-05-06T20:37:00","guid":{"rendered":"https:\/\/afiko.cl\/?p=1132"},"modified":"2025-05-09T07:08:23","modified_gmt":"2025-05-09T11:08:23","slug":"charquican-por-alicia-rodriguez-s","status":"publish","type":"post","link":"https:\/\/afiko.cl\/?p=1132","title":{"rendered":"Charquic\u00e1n \u2013 Por Alicia Rodr\u00edguez S"},"content":{"rendered":"\t\t<div data-elementor-type=\"wp-post\" data-elementor-id=\"1132\" class=\"elementor elementor-1132\" data-elementor-post-type=\"post\">\n\t\t\t\t\t\t<section class=\"elementor-section elementor-top-section elementor-element elementor-element-c712c2f elementor-section-boxed elementor-section-height-default elementor-section-height-default\" data-id=\"c712c2f\" data-element_type=\"section\" data-e-type=\"section\">\n\t\t\t\t\t\t<div class=\"elementor-container elementor-column-gap-default\">\n\t\t\t\t\t<div class=\"elementor-column elementor-col-100 elementor-top-column elementor-element elementor-element-d7de6ad\" data-id=\"d7de6ad\" data-element_type=\"column\" data-e-type=\"column\">\n\t\t\t<div class=\"elementor-widget-wrap elementor-element-populated\">\n\t\t\t\t\t\t<div class=\"elementor-element elementor-element-72ca788 elementor-widget elementor-widget-text-editor\" data-id=\"72ca788\" data-element_type=\"widget\" data-e-type=\"widget\" data-widget_type=\"text-editor.default\">\n\t\t\t\t<div class=\"elementor-widget-container\">\n\t\t\t\t\t\t\t\t\t<p class=\"p1\"><span class=\"s1\">Preparaci\u00f3n:<\/span><\/p>\n<ul class=\"ul1\">\n<li class=\"li2\">Cortar cebolla, zanahoria, ajo y piment\u00f3n en brunoise. Cocinar hasta que est\u00e9n dorados, agregar las papas y dorar. Agregar el zapallo y agua hasta tapar.<\/li>\n<\/ul>\n<p class=\"p1\"><span class=\"s1\">Cocinar por 30 minutos con la olla tapada.<\/span><\/p>\n<ul class=\"ul1\">\n<li class=\"li2\">Agregar callampas secas molidas sin remojar, cocinar por 5 min.<\/li>\n<\/ul>\n<p class=\"p1\"><span class=\"s1\">minutos. Condimentar con sal, pimienta y comino.<\/span><\/p>\n<ul class=\"ul1\">\n<li class=\"li2\">Rescatar caldo de cocci\u00f3n e hidratar por 10 min incorpora las lenguas de erizo.<\/li>\n<li class=\"li2\">Pasado este tiempo agregar el choclo y arvejas, junto a esto los erizos hidratados y cocina por 5 min m\u00e1s. Agregar cilantro y reposar por 5 min con la olla tapada.<\/li>\n<li class=\"li2\">Servir espolvoreando Afiko en polvo y perlas de aj\u00ed .<\/li>\n<\/ul>\n<p class=\"p1\"><span class=\"s1\">Te invitamos a probar esta nueva forma de consumir este patrimonio con nuestro manjar marino, atr\u00e9vete tu tambi\u00e9n. <\/span><\/p>\t\t\t\t\t\t\t\t<\/div>\n\t\t\t\t<\/div>\n\t\t\t\t\t<\/div>\n\t\t<\/div>\n\t\t\t\t\t<\/div>\n\t\t<\/section>\n\t\t\t\t<\/div>\n\t\t","protected":false},"excerpt":{"rendered":"<p>El charquic\u00e1n encarna el esp\u00edritu de uni\u00f3n y alegr\u00eda de compartir buena comida con los seres queridos.<\/p>\n","protected":false},"author":1,"featured_media":1175,"comment_status":"open","ping_status":"open","sticky":false,"template":"","format":"standard","meta":{"_joinchat":[],"footnotes":""},"categories":[38],"tags":[],"class_list":["post-1132","post","type-post","status-publish","format-standard","has-post-thumbnail","hentry","category-comida-tipica"],"blocksy_meta":[],"_links":{"self":[{"href":"https:\/\/afiko.cl\/index.php?rest_route=\/wp\/v2\/posts\/1132","targetHints":{"allow":["GET"]}}],"collection":[{"href":"https:\/\/afiko.cl\/index.php?rest_route=\/wp\/v2\/posts"}],"about":[{"href":"https:\/\/afiko.cl\/index.php?rest_route=\/wp\/v2\/types\/post"}],"author":[{"embeddable":true,"href":"https:\/\/afiko.cl\/index.php?rest_route=\/wp\/v2\/users\/1"}],"replies":[{"embeddable":true,"href":"https:\/\/afiko.cl\/index.php?rest_route=%2Fwp%2Fv2%2Fcomments&post=1132"}],"version-history":[{"count":4,"href":"https:\/\/afiko.cl\/index.php?rest_route=\/wp\/v2\/posts\/1132\/revisions"}],"predecessor-version":[{"id":1137,"href":"https:\/\/afiko.cl\/index.php?rest_route=\/wp\/v2\/posts\/1132\/revisions\/1137"}],"wp:featuredmedia":[{"embeddable":true,"href":"https:\/\/afiko.cl\/index.php?rest_route=\/wp\/v2\/media\/1175"}],"wp:attachment":[{"href":"https:\/\/afiko.cl\/index.php?rest_route=%2Fwp%2Fv2%2Fmedia&parent=1132"}],"wp:term":[{"taxonomy":"category","embeddable":true,"href":"https:\/\/afiko.cl\/index.php?rest_route=%2Fwp%2Fv2%2Fcategories&post=1132"},{"taxonomy":"post_tag","embeddable":true,"href":"https:\/\/afiko.cl\/index.php?rest_route=%2Fwp%2Fv2%2Ftags&post=1132"}],"curies":[{"name":"wp","href":"https:\/\/api.w.org\/{rel}","templated":true}]}}