{"id":1140,"date":"2025-05-06T18:43:00","date_gmt":"2025-05-06T22:43:00","guid":{"rendered":"https:\/\/afiko.cl\/?p=1140"},"modified":"2025-05-09T07:06:53","modified_gmt":"2025-05-09T11:06:53","slug":"mantequilla-erizo-amapolas-por-nicole-muller","status":"publish","type":"post","link":"https:\/\/afiko.cl\/?p=1140","title":{"rendered":"Mantequilla Erizo Amapolas \u2013 Por Nicole Muller"},"content":{"rendered":"\t\t<div data-elementor-type=\"wp-post\" data-elementor-id=\"1140\" class=\"elementor elementor-1140\" data-elementor-post-type=\"post\">\n\t\t\t\t\t\t<section class=\"elementor-section elementor-top-section elementor-element elementor-element-25dade05 elementor-section-boxed elementor-section-height-default elementor-section-height-default\" data-id=\"25dade05\" data-element_type=\"section\" data-e-type=\"section\">\n\t\t\t\t\t\t<div class=\"elementor-container elementor-column-gap-default\">\n\t\t\t\t\t<div class=\"elementor-column elementor-col-100 elementor-top-column elementor-element elementor-element-17995369\" data-id=\"17995369\" data-element_type=\"column\" data-e-type=\"column\">\n\t\t\t<div class=\"elementor-widget-wrap elementor-element-populated\">\n\t\t\t\t\t\t<div class=\"elementor-element elementor-element-7f0b798c elementor-widget elementor-widget-text-editor\" data-id=\"7f0b798c\" data-element_type=\"widget\" data-e-type=\"widget\" data-widget_type=\"text-editor.default\">\n\t\t\t\t<div class=\"elementor-widget-container\">\n\t\t\t\t\t\t\t\t\t<p class=\"p1\"><span class=\"s1\">Necesitamos:<\/span><\/p><p class=\"p1\"><span class=\"s1\">70 gramos de mantequilla con o sin sal<\/span><\/p><p class=\"p1\"><span class=\"s1\">1\/2 cucharadita de semillas de amapola<\/span><\/p><p class=\"p1\"><span class=\"s1\">Afiko: polvo de erizo (molinillo)<\/span><\/p><p class=\"p1\"><span class=\"s1\">Preparaci\u00f3n:<\/span><\/p><ul class=\"ul1\"><li class=\"li2\">Derretir la mantequilla 15 segundos en el microondas<\/li><li class=\"li2\">Luego agregar los erizos del molinillo a gusto<\/li><li class=\"li2\">Agregar las semillas de amapola<\/li><li class=\"li2\">Mezclar y luego dejar enfriar<\/li><\/ul><p class=\"p1\"><span class=\"s1\">Listo para disfrutar y para comer con pancito casero <\/span><\/p><p class=\"p1\"><span class=\"s1\">Adem\u00e1s esta maravilla sirve para pintar carnes, pescados, mariscos, verduras, para hacer dobladitas y mucho m\u00e1s!! <\/span><\/p>\t\t\t\t\t\t\t\t<\/div>\n\t\t\t\t<\/div>\n\t\t\t\t\t<\/div>\n\t\t<\/div>\n\t\t\t\t\t<\/div>\n\t\t<\/section>\n\t\t\t\t<\/div>\n\t\t","protected":false},"excerpt":{"rendered":"<p>Una mantequilla diferente, \u00fanica para poder disfrutar y compartir con sus seres queridos. Est\u00e1 buen\u00edsima.<\/p>\n","protected":false},"author":1,"featured_media":1173,"comment_status":"open","ping_status":"open","sticky":false,"template":"","format":"standard","meta":{"_joinchat":[],"footnotes":""},"categories":[38],"tags":[],"class_list":["post-1140","post","type-post","status-publish","format-standard","has-post-thumbnail","hentry","category-comida-tipica"],"blocksy_meta":[],"_links":{"self":[{"href":"https:\/\/afiko.cl\/index.php?rest_route=\/wp\/v2\/posts\/1140","targetHints":{"allow":["GET"]}}],"collection":[{"href":"https:\/\/afiko.cl\/index.php?rest_route=\/wp\/v2\/posts"}],"about":[{"href":"https:\/\/afiko.cl\/index.php?rest_route=\/wp\/v2\/types\/post"}],"author":[{"embeddable":true,"href":"https:\/\/afiko.cl\/index.php?rest_route=\/wp\/v2\/users\/1"}],"replies":[{"embeddable":true,"href":"https:\/\/afiko.cl\/index.php?rest_route=%2Fwp%2Fv2%2Fcomments&post=1140"}],"version-history":[{"count":4,"href":"https:\/\/afiko.cl\/index.php?rest_route=\/wp\/v2\/posts\/1140\/revisions"}],"predecessor-version":[{"id":1145,"href":"https:\/\/afiko.cl\/index.php?rest_route=\/wp\/v2\/posts\/1140\/revisions\/1145"}],"wp:featuredmedia":[{"embeddable":true,"href":"https:\/\/afiko.cl\/index.php?rest_route=\/wp\/v2\/media\/1173"}],"wp:attachment":[{"href":"https:\/\/afiko.cl\/index.php?rest_route=%2Fwp%2Fv2%2Fmedia&parent=1140"}],"wp:term":[{"taxonomy":"category","embeddable":true,"href":"https:\/\/afiko.cl\/index.php?rest_route=%2Fwp%2Fv2%2Fcategories&post=1140"},{"taxonomy":"post_tag","embeddable":true,"href":"https:\/\/afiko.cl\/index.php?rest_route=%2Fwp%2Fv2%2Ftags&post=1140"}],"curies":[{"name":"wp","href":"https:\/\/api.w.org\/{rel}","templated":true}]}}