{"id":1146,"date":"2025-05-06T18:49:00","date_gmt":"2025-05-06T22:49:00","guid":{"rendered":"https:\/\/afiko.cl\/?p=1146"},"modified":"2025-05-09T07:16:29","modified_gmt":"2025-05-09T11:16:29","slug":"salmon-con-crocantes-de-erizo","status":"publish","type":"post","link":"https:\/\/afiko.cl\/?p=1146","title":{"rendered":"Salm\u00f3n con crocantes de erizo"},"content":{"rendered":"\t\t<div data-elementor-type=\"wp-post\" data-elementor-id=\"1146\" class=\"elementor elementor-1146\" data-elementor-post-type=\"post\">\n\t\t\t\t\t\t<section class=\"elementor-section elementor-top-section elementor-element elementor-element-c712c2f elementor-section-boxed elementor-section-height-default elementor-section-height-default\" data-id=\"c712c2f\" data-element_type=\"section\" data-e-type=\"section\">\n\t\t\t\t\t\t<div class=\"elementor-container elementor-column-gap-default\">\n\t\t\t\t\t<div class=\"elementor-column elementor-col-100 elementor-top-column elementor-element elementor-element-d7de6ad\" data-id=\"d7de6ad\" data-element_type=\"column\" data-e-type=\"column\">\n\t\t\t<div class=\"elementor-widget-wrap elementor-element-populated\">\n\t\t\t\t\t\t<div class=\"elementor-element elementor-element-72ca788 elementor-widget elementor-widget-text-editor\" data-id=\"72ca788\" data-element_type=\"widget\" data-e-type=\"widget\" data-widget_type=\"text-editor.default\">\n\t\t\t\t<div class=\"elementor-widget-container\">\n\t\t\t\t\t\t\t\t\t<p class=\"p1\"><span class=\"s1\">Necesitar\u00e1s:<\/span><\/p>\n<p class=\"p1\"><span class=\"s1\">Pintar el plato con una salsa de pesto con luche <\/span><\/p>\n<p class=\"p1\"><span class=\"s1\">Agregar los cubos de salm\u00f3n con los espectaculares crocantes de erizos sobre ellos<\/span><\/p>\n<p class=\"p1\"><span class=\"s1\">Decorar con tomates cherry y ya est\u00e1!<\/span><\/p>\n<p class=\"p1\"><span class=\"s1\">Listos para disfrutar<\/span><\/p>\t\t\t\t\t\t\t\t<\/div>\n\t\t\t\t<\/div>\n\t\t\t\t\t<\/div>\n\t\t<\/div>\n\t\t\t\t\t<\/div>\n\t\t<\/section>\n\t\t\t\t<\/div>\n\t\t","protected":false},"excerpt":{"rendered":"<p>El mar en cada bocado\u2026<br \/>\nTe entregamos una nueva idea, para poder deleitar el paladar de tus invitados, con algo f\u00e1cil y r\u00e1pido como la gran mayor\u00eda de nuestras recetas<br \/>\nAhora vamos!<\/p>\n","protected":false},"author":1,"featured_media":1183,"comment_status":"open","ping_status":"open","sticky":false,"template":"","format":"standard","meta":{"_joinchat":[],"footnotes":""},"categories":[37],"tags":[],"class_list":["post-1146","post","type-post","status-publish","format-standard","has-post-thumbnail","hentry","category-pescados-y-mariscos"],"blocksy_meta":[],"_links":{"self":[{"href":"https:\/\/afiko.cl\/index.php?rest_route=\/wp\/v2\/posts\/1146","targetHints":{"allow":["GET"]}}],"collection":[{"href":"https:\/\/afiko.cl\/index.php?rest_route=\/wp\/v2\/posts"}],"about":[{"href":"https:\/\/afiko.cl\/index.php?rest_route=\/wp\/v2\/types\/post"}],"author":[{"embeddable":true,"href":"https:\/\/afiko.cl\/index.php?rest_route=\/wp\/v2\/users\/1"}],"replies":[{"embeddable":true,"href":"https:\/\/afiko.cl\/index.php?rest_route=%2Fwp%2Fv2%2Fcomments&post=1146"}],"version-history":[{"count":4,"href":"https:\/\/afiko.cl\/index.php?rest_route=\/wp\/v2\/posts\/1146\/revisions"}],"predecessor-version":[{"id":1154,"href":"https:\/\/afiko.cl\/index.php?rest_route=\/wp\/v2\/posts\/1146\/revisions\/1154"}],"wp:featuredmedia":[{"embeddable":true,"href":"https:\/\/afiko.cl\/index.php?rest_route=\/wp\/v2\/media\/1183"}],"wp:attachment":[{"href":"https:\/\/afiko.cl\/index.php?rest_route=%2Fwp%2Fv2%2Fmedia&parent=1146"}],"wp:term":[{"taxonomy":"category","embeddable":true,"href":"https:\/\/afiko.cl\/index.php?rest_route=%2Fwp%2Fv2%2Fcategories&post=1146"},{"taxonomy":"post_tag","embeddable":true,"href":"https:\/\/afiko.cl\/index.php?rest_route=%2Fwp%2Fv2%2Ftags&post=1146"}],"curies":[{"name":"wp","href":"https:\/\/api.w.org\/{rel}","templated":true}]}}